{"id":1630,"date":"2026-04-21T21:42:23","date_gmt":"2026-04-21T12:42:23","guid":{"rendered":"https:\/\/kiw1366.kr\/?p=1630"},"modified":"2026-04-21T21:42:47","modified_gmt":"2026-04-21T12:42:47","slug":"milyen-a-hangulat-a-barba-negra-kornyeken","status":"publish","type":"post","link":"https:\/\/kiw1366.kr\/?p=1630","title":{"rendered":"Milyen a hangulat a Barba Negra k\u00f6rny\u00e9k\u00e9n"},"content":{"rendered":"<h1>Milyen a hangulat a Barba Negra k\u00f6rny\u00e9k\u00e9n<\/h1>\n<p>A Barba Negra k\u00f6r\u00fcl kialakult l\u00e9gk\u00f6r j\u00f3val t\u00f6bb egy egyszer\u0171 koncertnapt\u00e1rn\u00e1l. A helysz\u00edn c\u00edme 1211 Budapest, Sz\u00e1ll\u00edt\u00f3 utca 3, vagyis Csepelen tal\u00e1lhat\u00f3. A programok jellemz\u0151en a Red Stage \u00e9s a Blue Stage k\u00f6z\u00f6tt oszlanak meg.<\/p>\n<p>A Barba Negra k\u00f6r\u00fcl kialakult rutin nem egyik napr\u00f3l a m\u00e1sikra j\u00f6tt l\u00e9tre. A hely fokozatosan v\u00e1lt olyan n\u00e9vv\u00e9, amelyhez a k\u00f6z\u00f6ns\u00e9g el\u0151re t\u00e1rs\u00edt bizonyos m\u0171fajokat, megsz\u00f3lal\u00e1st \u00e9s k\u00f6z\u00f6ns\u00e9gr\u00e9teget.<\/p>\n<h2>Hol helyezkedik el a helysz\u00edn<\/h2>\n<p>A Barba Negra meg\u00edt\u00e9l\u00e9s\u00e9t t\u00f6bb apr\u00f3 r\u00e9szlet egy\u00fctt form\u00e1lja. A koncerthelysz\u00edn meg\u00edt\u00e9l\u00e9s\u00e9r\u0151l a Znaki FM port\u00e1lon a <a href=\"https:\/\/znaki.fm\/hu\/places\/barba-negra\/\">Barba negra v\u00e9lem\u00e9nyek<\/a> alapj\u00e1n is k\u00e9pet kaphat.<\/p>\n<p>A programlista alapj\u00e1n a helysz\u00edn nem egyetlen m\u0171fajra \u00e9p\u00edt, b\u00e1r a kem\u00e9nyebb ir\u00e1nyok er\u0151sen jelen vannak. A helysz\u00edn atmoszf\u00e9r\u00e1j\u00e1t nem a turistaforgalom, hanem a koncertre \u00e9rkez\u0151 k\u00f6z\u00f6ns\u00e9g alak\u00edtja. Koncertnapon a kapunyit\u00e1s \u00e9s a kezd\u00e9si id\u0151 nem ugyanaz, ez\u00e9rt a menetrendet k\u00fcl\u00f6n \u00e9rdemes megn\u00e9zni.<\/p>\n<p>A helysz\u00ednr\u0151l alkotott benyom\u00e1st az is form\u00e1lja, hogy nem steril, mindenkinek egyszerre sz\u00f3l\u00f3 teret pr\u00f3b\u00e1l mutatni. Sokkal ink\u00e1bb egy karakteres, felismerhet\u0151 budapesti koncertpont k\u00e9pe rajzol\u00f3dik ki, ahol a programprofil \u00e9s a k\u00f6z\u00f6ns\u00e9gszok\u00e1sok is \u00f6sszetartanak.<\/p>\n<p>Ezek a r\u00e9szletek gyakran el\u0151ker\u00fclnek, amikor sz\u00f3ba ker\u00fcl a helysz\u00edn:<\/p>\n<ul>\n<li>hazai \u00e9s k\u00fclf\u00f6ldi fell\u00e9p\u0151k v\u00e1ltakoz\u00e1sa<\/li>\n<li>programnapon gyorsan v\u00e1ltoz\u00f3 ritmus<\/li>\n<li>csepeli elhelyezked\u00e9s<\/li>\n<li>k\u00e9t ismert sz\u00ednpad, elt\u00e9r\u0151 m\u00e9rettel<\/li>\n<\/ul>\n<h2>Milyen est\u00e9khez illik a hely<\/h2>\n<p>A helysz\u00edn \u00e9rtelmez\u00e9s\u00e9hez a programon t\u00fal az is hozz\u00e1tartozik, hogy milyen k\u00f6zegben m\u0171k\u00f6dik. A k\u00e9t sz\u00ednpad k\u00f6zti k\u00fcl\u00f6nbs\u00e9g nemcsak m\u00e9retben, hanem temp\u00f3ban \u00e9s hangulatban is \u00e9rz\u0151dik.<\/p>\n<p>A koncerthely kiv\u00e1laszt\u00e1s\u00e1n\u00e1l nem csak az sz\u00e1m\u00edt, ki l\u00e9p fel, hanem az is, milyen k\u00f6zegben sz\u00f3lal meg a produkci\u00f3. Ugyanaz a zenekar m\u00e1s hat\u00e1st kelt egy kisebb klubban \u00e9s m\u00e1sk\u00e9pp m\u0171k\u00f6dik egy olyan helyen, ahol a sz\u00ednpad, a t\u00e9r \u00e9s a k\u00f6z\u00f6ns\u00e9g mozg\u00e1sa is nagyobb l\u00e9pt\u00e9k\u0171.<\/p>\n<h3>Mikor k\u00e9nyelmes \u00e9rkezni<\/h3>\n<p>Budapesten sok hely pr\u00f3b\u00e1l egyszerre t\u00f6bb szerepet bet\u00f6lteni, a Barba Negra viszont el\u00e9g tiszta profillal dolgozik. A rockosabb est\u00e9k ebben a k\u00f6rnyezetben k\u00fcl\u00f6n\u00f6sen j\u00f3l m\u0171k\u00f6dnek.<\/p>\n<p>A hely szempontj\u00e1b\u00f3l a k\u00f6vetkezetess\u00e9g legal\u00e1bb annyira sz\u00e1m\u00edt, mint egy-egy nagy fell\u00e9p\u0151 neve. Ha egy koncerthely hosszabb id\u0151n \u00e1t hasonl\u00f3 sz\u00ednvonalon \u00e9s hasonl\u00f3 karakterrel m\u0171k\u00f6dik, az a budapesti zenei k\u00f6zegben \u00f6nmag\u00e1ban is \u00e9rt\u00e9k.<\/p>\n<p>Ha valaki gyors \u00e1ttekint\u00e9st keres, ezek a szempontok is hasznosak:<\/p>\n<ul>\n<li>a k\u00f6rny\u00e9k ritmusa m\u00e1s, mint a belv\u00e1rosi klubok\u00e9<\/li>\n<li>nagyobb est\u00e9k el\u0151tt t\u00f6bb id\u0151 kellhet a bejut\u00e1shoz<\/li>\n<li>a helysz\u00edn megk\u00f6zel\u00edt\u00e9se t\u00f6bbf\u00e9le \u00fatvonallal oldhat\u00f3 meg<\/li>\n<\/ul>\n<p>A sz\u00f6veget M\u00e1ria Ferenczi jegyzi.<\/p>\n<p>A sz\u00f6veg 2026 \u00e1prilis\u00e1ban k\u00e9sz\u00fclt.<\/p>\n","protected":false},"excerpt":{"rendered":"<p>Milyen a hangulat a Barba Negra k\u00f6rny\u00e9k\u00e9n A Barba Negra k\u00f6r\u00fcl kialakult l\u00e9gk\u00f6r j\u00f3val t\u00f6bb egy egyszer\u0171 koncertnapt\u00e1rn\u00e1l. A helysz\u00edn c\u00edme 1211 Budapest, Sz\u00e1ll\u00edt\u00f3 utca 3, vagyis Csepelen tal\u00e1lhat\u00f3. A programok jellemz\u0151en a Red Stage \u00e9s a Blue Stage k\u00f6z\u00f6tt oszlanak meg. A Barba Negra k\u00f6r\u00fcl kialakult rutin nem egyik [&hellip;]<\/p>\n","protected":false},"author":2,"featured_media":0,"comment_status":"open","ping_status":"open","sticky":false,"template":"","format":"standard","meta":{"footnotes":""},"categories":[1],"tags":[],"class_list":["post-1630","post","type-post","status-publish","format-standard","hentry","category-1"],"_links":{"self":[{"href":"https:\/\/kiw1366.kr\/index.php?rest_route=\/wp\/v2\/posts\/1630","targetHints":{"allow":["GET"]}}],"collection":[{"href":"https:\/\/kiw1366.kr\/index.php?rest_route=\/wp\/v2\/posts"}],"about":[{"href":"https:\/\/kiw1366.kr\/index.php?rest_route=\/wp\/v2\/types\/post"}],"author":[{"embeddable":true,"href":"https:\/\/kiw1366.kr\/index.php?rest_route=\/wp\/v2\/users\/2"}],"replies":[{"embeddable":true,"href":"https:\/\/kiw1366.kr\/index.php?rest_route=%2Fwp%2Fv2%2Fcomments&post=1630"}],"version-history":[{"count":1,"href":"https:\/\/kiw1366.kr\/index.php?rest_route=\/wp\/v2\/posts\/1630\/revisions"}],"predecessor-version":[{"id":1631,"href":"https:\/\/kiw1366.kr\/index.php?rest_route=\/wp\/v2\/posts\/1630\/revisions\/1631"}],"wp:attachment":[{"href":"https:\/\/kiw1366.kr\/index.php?rest_route=%2Fwp%2Fv2%2Fmedia&parent=1630"}],"wp:term":[{"taxonomy":"category","embeddable":true,"href":"https:\/\/kiw1366.kr\/index.php?rest_route=%2Fwp%2Fv2%2Fcategories&post=1630"},{"taxonomy":"post_tag","embeddable":true,"href":"https:\/\/kiw1366.kr\/index.php?rest_route=%2Fwp%2Fv2%2Ftags&post=1630"}],"curies":[{"name":"wp","href":"https:\/\/api.w.org\/{rel}","templated":true}]}}